{"id":9022,"date":"2024-08-26T12:59:59","date_gmt":"2024-08-26T10:59:59","guid":{"rendered":"https:\/\/roztocze24.info\/?p=9022"},"modified":"2024-08-26T12:59:59","modified_gmt":"2024-08-26T10:59:59","slug":"natchnieni-bieszczadem-wolna-grupa-bukowina","status":"publish","type":"post","link":"https:\/\/roztocze24.info\/?p=9022","title":{"rendered":"Natchnieni Bieszczadem: Wolna Grupa Bukowina"},"content":{"rendered":"\n<p>Natchnieni Bieszczadem to coroczny sierpniowy festiwal (nie tylko muzyczny) w Cisnej. Atmosfera jest pi\u0119kna, podkr\u0119cana przez cudowne bieszczadzkie okoliczno\u015bci przyrody. Wybrali\u015bmy drugi z du\u017cych koncert\u00f3w i ju\u017c po raz drugi zobaczyli\u015bmy tu Woln\u0105 Grup\u0119 Bukowina (na zdj\u0119ciu). Wojtka Bellona ju\u017c dawno nie ma w\u015br\u00f3d nas, ale te pie\u015bni nadal maj\u0105 moc! I to nawet w wielkie upa\u0142y. Publiczno\u015b\u0107 przybywa\u0142a pocz\u0105tkowo raczej w niewielkich <a><\/a>ilo\u015bciach i kry\u0142a si\u0119 w cieniu, ale im ch\u0142odniej si\u0119 robi\u0142o tym by\u0142o jej wi\u0119cej a\u017c w ko\u0144cu ca\u0142e boisko si\u0119 zape\u0142ni\u0142o. My dojechali\u015bmy troch\u0119 przypadkiem na szantowo-turystyczny koncert sympatycznej grupy Pod Wiatr. Potem wyst\u0105pi\u0142 Piotr \u201eRogalik\u201d Rogala, a nast\u0119pnie oczekiwana przez nas Wolna Grupa Bukowina. Sk\u0142ad nietypowy, bo Gra\u017cyn\u0119 Kulawik roz\u0142o\u017cy\u0142 wirus, ale mia\u0142a godn\u0105 zast\u0119pczyni\u0119. Pi\u0119knie by\u0142o!<\/p>\n\n\n\n<!--more-->\n\n\n\n<p>Za nami w kr\u00f3tkim odst\u0119pie czasu 3 pi\u0119kne poetycko-turystyczne koncerty w Bieszczadzie: Stare Dobre Ma\u0142\u017ce\u0144stwo, Wolna Grupa Bukowina i Dom o zielonych progach.<\/p>\n\n\n\n<p>A to wcale nie by\u0142 koniec Natchnionych Bieszczadem, bo tego dnia gwiazd\u0105 by\u0142o punkowe KSU. Ta kapela ma jednak na koncie tak\u017ce pi\u0119kne bieszczadzkie pie\u015bni!<\/p>\n","protected":false},"excerpt":{"rendered":"<p>Natchnieni Bieszczadem to coroczny sierpniowy festiwal (nie tylko muzyczny) w Cisnej. Atmosfera jest pi\u0119kna, podkr\u0119cana przez cudowne bieszczadzkie okoliczno\u015bci przyrody. Wybrali\u015bmy drugi z du\u017cych koncert\u00f3w i ju\u017c po raz drugi zobaczyli\u015bmy tu Woln\u0105 Grup\u0119 Bukowina (na zdj\u0119ciu). Wojtka Bellona ju\u017c dawno nie ma w\u015br\u00f3d nas, ale te pie\u015bni nadal maj\u0105 moc! I to nawet w &hellip; <a href=\"https:\/\/roztocze24.info\/?p=9022\" class=\"more-link\">Czytaj dalej<span class=\"screen-reader-text\"> \u201eNatchnieni Bieszczadem: Wolna Grupa Bukowina\u201d<\/span><\/a><\/p>\n","protected":false},"author":1,"featured_media":9023,"comment_status":"closed","ping_status":"closed","sticky":false,"template":"","format":"standard","meta":{"footnotes":""},"categories":[2,10],"tags":[],"class_list":["post-9022","post","type-post","status-publish","format-standard","has-post-thumbnail","hentry","category-blog","category-gory"],"_links":{"self":[{"href":"https:\/\/roztocze24.info\/index.php?rest_route=\/wp\/v2\/posts\/9022","targetHints":{"allow":["GET"]}}],"collection":[{"href":"https:\/\/roztocze24.info\/index.php?rest_route=\/wp\/v2\/posts"}],"about":[{"href":"https:\/\/roztocze24.info\/index.php?rest_route=\/wp\/v2\/types\/post"}],"author":[{"embeddable":true,"href":"https:\/\/roztocze24.info\/index.php?rest_route=\/wp\/v2\/users\/1"}],"replies":[{"embeddable":true,"href":"https:\/\/roztocze24.info\/index.php?rest_route=%2Fwp%2Fv2%2Fcomments&post=9022"}],"version-history":[{"count":1,"href":"https:\/\/roztocze24.info\/index.php?rest_route=\/wp\/v2\/posts\/9022\/revisions"}],"predecessor-version":[{"id":9024,"href":"https:\/\/roztocze24.info\/index.php?rest_route=\/wp\/v2\/posts\/9022\/revisions\/9024"}],"wp:featuredmedia":[{"embeddable":true,"href":"https:\/\/roztocze24.info\/index.php?rest_route=\/wp\/v2\/media\/9023"}],"wp:attachment":[{"href":"https:\/\/roztocze24.info\/index.php?rest_route=%2Fwp%2Fv2%2Fmedia&parent=9022"}],"wp:term":[{"taxonomy":"category","embeddable":true,"href":"https:\/\/roztocze24.info\/index.php?rest_route=%2Fwp%2Fv2%2Fcategories&post=9022"},{"taxonomy":"post_tag","embeddable":true,"href":"https:\/\/roztocze24.info\/index.php?rest_route=%2Fwp%2Fv2%2Ftags&post=9022"}],"curies":[{"name":"wp","href":"https:\/\/api.w.org\/{rel}","templated":true}]}}